{"id":4264,"date":"2025-07-02T22:23:49","date_gmt":"2025-07-02T20:23:49","guid":{"rendered":"https:\/\/circaed-heresis.com\/?p=4264"},"modified":"2025-07-03T22:35:30","modified_gmt":"2025-07-03T20:35:30","slug":"anatomia-di-un-inquisitore-frate-pietro-da-verona-san-pietro-martire-marina-benedetti","status":"publish","type":"post","link":"https:\/\/circaed-heresis.com\/?p=4264","title":{"rendered":"Anatomia di un inquisitore. Frate Pietro da Verona &#8211; san Pietro martire. A cura di Marina Benedetti"},"content":{"rendered":"<div class=\"wp-block-image\">\n<figure class=\"aligncenter size-full is-resized\"><a href=\"https:\/\/libri.unimi.it\/index.php\/milanoup\/catalog\/book\/194\" target=\"_blank\" rel=\" noreferrer noopener\"><img loading=\"lazy\" decoding=\"async\" width=\"638\" height=\"865\" src=\"https:\/\/circaed-heresis.com\/wp-content\/uploads\/2025\/07\/Anatomia-di-un-inquisitore.jpg\" alt=\"\" class=\"wp-image-4265\" style=\"width:374px;height:auto\" srcset=\"https:\/\/circaed-heresis.com\/wp-content\/uploads\/2025\/07\/Anatomia-di-un-inquisitore.jpg 638w, https:\/\/circaed-heresis.com\/wp-content\/uploads\/2025\/07\/Anatomia-di-un-inquisitore-221x300.jpg 221w\" sizes=\"auto, (max-width: 638px) 100vw, 638px\" \/><\/a><figcaption class=\"wp-element-caption\"><strong><a href=\"https:\/\/libri.unimi.it\/index.php\/milanoup\/catalog\/book\/194\" target=\"_blank\" rel=\"noopener\" title=\"\">Lien vers l&rsquo;\u00e9diteur<\/a><\/strong><\/figcaption><\/figure>\n<\/div>\n\n\n<p class=\"has-white-color has-text-color has-link-color wp-elements-361a646e193ed7811c51d0a05e2735e2\">&#8211;<\/p>\n\n\n\n<p>Il volume indaga il cold case medievale dell\u2019uccisione dell\u2019inquisitore Pietro da Verona (1252) velocemente divenuto san Pietro martire (1253) e primo inquisitore-santo della Chiesa cattolico-romana.<\/p>\n\n\n\n<p>Oltre i miti storiografici, i contributi mostrano gli sviluppi \u2013 talvolta paradossali \u2013 di una morte funzionale al consolidamento dell\u2019<em>officium fidei<\/em>&nbsp;medievale.<\/p>\n\n\n\n<p>La multidisciplinariet\u00e0 dell\u2019approccio mostra la ricchezza delle analisi possibili per affrontare il passato attraverso ci\u00f2 che \u00e8 sopravvissuto: lettere papali, frammenti di processi inquisitoriali, immagini dipinte e scolpite, libri contabili, documentazione notarile, testi liturgici, sermoni, oggetti \u2013 armi del delitto e monete \u2013 e resti ossei, ovvero il cranio, collegati a colui che subito \u00e8 considerato un \u201cmartire della fede\u201d il cui culto per\u00f2 fatica a consolidarsi.<\/p>\n\n\n\n<p class=\"has-white-color has-text-color has-link-color wp-elements-7e4ac651328708ea719ac0894fa30934\">.<\/p>\n\n\n\n<hr class=\"wp-block-separator has-alpha-channel-opacity\"\/>\n\n\n\n<p class=\"has-white-color has-text-color has-link-color wp-elements-7e4ac651328708ea719ac0894fa30934\">.<\/p>\n\n\n\n<p>Ce volume examine l&rsquo;affaire m\u00e9di\u00e9vale non r\u00e9solue du meurtre de l&rsquo;inquisiteur Pierre de V\u00e9rone (1252), rapidement devenu saint Pierre martyr (1253) et premier saint inquisiteur de l&rsquo;\u00c9glise catholique romaine.<\/p>\n\n\n\n<p>Au-del\u00e0 des mythes historiographiques, les contributions montrent les d\u00e9veloppements \u2013 parfois paradoxaux \u2013 d&rsquo;une mort fonctionnelle \u00e0 la consolidation de l&rsquo;&nbsp;<em>officium fidei<\/em>&nbsp;m\u00e9di\u00e9val.<\/p>\n\n\n\n<p>La nature multidisciplinaire de l&rsquo;approche r\u00e9v\u00e8le la richesse des analyses possibles pour aborder le pass\u00e9 \u00e0 travers ce qui a surv\u00e9cu : lettres papales, fragments de proc\u00e8s inquisitoriaux, images peintes et sculpt\u00e9es, livres de comptes, documentation notariale, textes liturgiques, sermons, objets \u2013 armes du crime et monnaies \u2013 et restes osseux, notamment le cr\u00e2ne, li\u00e9s \u00e0 celui qui est d&#8217;embl\u00e9e consid\u00e9r\u00e9 comme un \u00ab martyr de la foi \u00bb dont le culte peine pourtant \u00e0 se consolider.<\/p>\n\n\n\n<p class=\"has-white-color has-text-color has-link-color wp-elements-7e4ac651328708ea719ac0894fa30934\">.<\/p>\n\n\n\n<p class=\"has-white-color has-text-color has-link-color wp-elements-7e4ac651328708ea719ac0894fa30934\">.<\/p>\n\n\n\n<p><\/p>\n","protected":false},"excerpt":{"rendered":"<p>&#8211; Il volume indaga il cold case medievale dell\u2019uccisione dell\u2019inquisitore Pietro da Verona (1252) velocemente divenuto san Pietro martire (1253) e primo inquisitore-santo della Chiesa cattolico-romana. Oltre i miti storiografici, i contributi mostrano gli sviluppi \u2013 talvolta paradossali \u2013 di una morte funzionale al consolidamento dell\u2019officium fidei&nbsp;medievale. La multidisciplinariet\u00e0 dell\u2019approccio mostra la ricchezza delle analisi&hellip;<\/p>\n","protected":false},"author":1,"featured_media":4271,"comment_status":"closed","ping_status":"open","sticky":false,"template":"","format":"standard","meta":{"footnotes":""},"categories":[29],"tags":[],"class_list":["post-4264","post","type-post","status-publish","format-standard","has-post-thumbnail","hentry","category-lactualite-de-la-recherche","category-29","description-off"],"aioseo_notices":[],"_links":{"self":[{"href":"https:\/\/circaed-heresis.com\/index.php?rest_route=\/wp\/v2\/posts\/4264","targetHints":{"allow":["GET"]}}],"collection":[{"href":"https:\/\/circaed-heresis.com\/index.php?rest_route=\/wp\/v2\/posts"}],"about":[{"href":"https:\/\/circaed-heresis.com\/index.php?rest_route=\/wp\/v2\/types\/post"}],"author":[{"embeddable":true,"href":"https:\/\/circaed-heresis.com\/index.php?rest_route=\/wp\/v2\/users\/1"}],"replies":[{"embeddable":true,"href":"https:\/\/circaed-heresis.com\/index.php?rest_route=%2Fwp%2Fv2%2Fcomments&post=4264"}],"version-history":[{"count":4,"href":"https:\/\/circaed-heresis.com\/index.php?rest_route=\/wp\/v2\/posts\/4264\/revisions"}],"predecessor-version":[{"id":4274,"href":"https:\/\/circaed-heresis.com\/index.php?rest_route=\/wp\/v2\/posts\/4264\/revisions\/4274"}],"wp:featuredmedia":[{"embeddable":true,"href":"https:\/\/circaed-heresis.com\/index.php?rest_route=\/wp\/v2\/media\/4271"}],"wp:attachment":[{"href":"https:\/\/circaed-heresis.com\/index.php?rest_route=%2Fwp%2Fv2%2Fmedia&parent=4264"}],"wp:term":[{"taxonomy":"category","embeddable":true,"href":"https:\/\/circaed-heresis.com\/index.php?rest_route=%2Fwp%2Fv2%2Fcategories&post=4264"},{"taxonomy":"post_tag","embeddable":true,"href":"https:\/\/circaed-heresis.com\/index.php?rest_route=%2Fwp%2Fv2%2Ftags&post=4264"}],"curies":[{"name":"wp","href":"https:\/\/api.w.org\/{rel}","templated":true}]}}