{"id":285,"date":"2018-12-16T21:08:45","date_gmt":"2018-12-16T20:08:45","guid":{"rendered":"http:\/\/circaed-heresis.com\/?p=285"},"modified":"2024-04-01T00:12:19","modified_gmt":"2024-03-31T22:12:19","slug":"bye-bye-le-catharisme-de-peter-biller","status":"publish","type":"post","link":"https:\/\/circaed-heresis.com\/?p=285","title":{"rendered":"Heresis N\u00b03 &#8211; D\u00e9cembre 2018 : \u00abBye-bye le Catharisme\u00a0?\u00bb de Peter Biller."},"content":{"rendered":"<p>\u00abGoodbye to Catharism\u00a0?\u00bb est le titre original de ce texte de Peter Biller, traduit par Patrick Hutchinson pour le num\u00e9ro 3 de HERESIS. Il s\u2019agit de sa contribution au colloque <em>Catharism\u00a0: Balkan Heresy or Construct of a Persecuting Society\u00a0? <\/em>tenu au University College London et au Warburg Institute, les 18-19 avril 2013. L\u2019ensemble des contributions \u00e0 ce colloque a \u00e9t\u00e9 publi\u00e9 sous la direction d\u2019Antonio Sennis avec le titre <em>Catharism in question<\/em>, par The University of York dans York Medieval Press, en 2016. Dans sa contribution aux actes, Antoine Sennis rappelle l\u2019objectif de ces rencontres, pouvoir d\u00e9battre de la question affrontant les historiens au sujet de l\u2019existence du ph\u00e9nom\u00e8ne m\u00e9di\u00e9val qualifi\u00e9 de \u00ab\u00a0Catharisme\u00a0\u00bb.<\/p>\n<p style=\"text-align: center;\"><a href=\"http:\/\/circaed-heresis.com\/wp-content\/uploads\/2020\/10\/HERESIS-3-Decembre-2018.pdf\" target=\"_blank\" rel=\"noopener noreferrer\"><img loading=\"lazy\" decoding=\"async\" class=\"aligncenter wp-image-1479 size-medium\" title=\"Lire en ligne Heresis N\u00b03: &quot;Bye-Bye le Catharisme ?&quot; de Peter Biller.\" src=\"http:\/\/circaed-heresis.com\/wp-content\/uploads\/2020\/06\/Heresis-3-300-212x300.jpg\" alt=\"\" width=\"212\" height=\"300\" srcset=\"https:\/\/circaed-heresis.com\/wp-content\/uploads\/2020\/06\/Heresis-3-300-212x300.jpg 212w, https:\/\/circaed-heresis.com\/wp-content\/uploads\/2020\/06\/Heresis-3-300.jpg 400w\" sizes=\"auto, (max-width: 212px) 100vw, 212px\" \/><\/a><\/p>\n<p>Le m\u00eame objectif est partag\u00e9 par le collectif CIRCAED, organisateur des Journ\u00e9es d\u2019\u00e9tudes consacr\u00e9es \u00ab Aux Sources du Catharisme \u00bb, tenues \u00e0 Carcassonne et \u00e0 Mazamet, du 25 au 27 octobre 2018. Dans la perspective de pr\u00e9paration de ces Journ\u00e9es, le collectif et \u00e9diteur de la revue HERESIS a souhait\u00e9 faire connaitre au public francophone la riche contribution de Peter Biller. \u00ab Bye bye le Catharisme ? \u00bb apporte de solides arguments d\u00e9montant\u00a0 ceux avanc\u00e9s par les historiens mettant en cause l\u2019existence d\u2019une Eglise qualifi\u00e9e de \u00ab cathare \u00bb. Nous avions pens\u00e9 que ce texte permettrait d\u2019enrichir un d\u00e9bat autour des sources issues du milieu \u00ab cathare \u00bb ou catholique qui nous paraissait n\u00e9cessaire et urgent \u00e0 mener.<\/p>\n<p>Des raisons d\u2019ordre technique ont retard\u00e9 la parution de cette traduction du texte de Peter Biller qui voit enfin le jour quelques semaines apr\u00e8s la tenue de nos Journ\u00e9es d\u2019\u00e9tudes. C\u2019est \u00e0 lui, tout d\u2019abord, que nous exprimons notre gratitude pour nous avoir accord\u00e9 l\u2019autorisation de traduire son texte, mais aussi \u00e0 The University of York et les York Medieval Press d\u2019avoir \u00e9galement accept\u00e9. Certes, sans le concours et le travail de Patrick Hutchinson cette traduction n\u2019aurait pas vu le jour. Au nom du comit\u00e9 de r\u00e9daction de la revue HERESIS, qu\u2019ils soient tous sinc\u00e8rement remerci\u00e9s.<\/p>\n<p>Pilar Jim\u00e9nez, Anne Brenon.<\/p>\n<p><strong><a href=\"http:\/\/circaed-heresis.com\/wp-content\/uploads\/2020\/10\/HERESIS-3-Decembre-2018.pdf\" target=\"_blank\" rel=\"noopener noreferrer\" data-wplink-edit=\"true\">Lire en ligne Heresis N\u00b03 : \u00ab\u00a0Bye-Bye le Catharisme ?\u00a0\u00bb de Peter Biller.<\/a><\/strong><\/p>\n","protected":false},"excerpt":{"rendered":"<p>\u00abGoodbye to Catharism\u00a0?\u00bb est le titre original de ce texte de Peter Biller, traduit par Patrick Hutchinson pour le num\u00e9ro 3 de HERESIS. Il s\u2019agit de sa contribution au colloque Catharism\u00a0: Balkan Heresy or Construct of a Persecuting Society\u00a0? tenu au University College London et au Warburg Institute, les 18-19 avril 2013. L\u2019ensemble des contributions&hellip;<\/p>\n","protected":false},"author":1,"featured_media":1479,"comment_status":"closed","ping_status":"closed","sticky":false,"template":"","format":"standard","meta":{"footnotes":""},"categories":[9],"tags":[],"class_list":["post-285","post","type-post","status-publish","format-standard","has-post-thumbnail","hentry","category-heresis","category-9","description-off"],"aioseo_notices":[],"_links":{"self":[{"href":"https:\/\/circaed-heresis.com\/index.php?rest_route=\/wp\/v2\/posts\/285","targetHints":{"allow":["GET"]}}],"collection":[{"href":"https:\/\/circaed-heresis.com\/index.php?rest_route=\/wp\/v2\/posts"}],"about":[{"href":"https:\/\/circaed-heresis.com\/index.php?rest_route=\/wp\/v2\/types\/post"}],"author":[{"embeddable":true,"href":"https:\/\/circaed-heresis.com\/index.php?rest_route=\/wp\/v2\/users\/1"}],"replies":[{"embeddable":true,"href":"https:\/\/circaed-heresis.com\/index.php?rest_route=%2Fwp%2Fv2%2Fcomments&post=285"}],"version-history":[{"count":19,"href":"https:\/\/circaed-heresis.com\/index.php?rest_route=\/wp\/v2\/posts\/285\/revisions"}],"predecessor-version":[{"id":3872,"href":"https:\/\/circaed-heresis.com\/index.php?rest_route=\/wp\/v2\/posts\/285\/revisions\/3872"}],"wp:featuredmedia":[{"embeddable":true,"href":"https:\/\/circaed-heresis.com\/index.php?rest_route=\/wp\/v2\/media\/1479"}],"wp:attachment":[{"href":"https:\/\/circaed-heresis.com\/index.php?rest_route=%2Fwp%2Fv2%2Fmedia&parent=285"}],"wp:term":[{"taxonomy":"category","embeddable":true,"href":"https:\/\/circaed-heresis.com\/index.php?rest_route=%2Fwp%2Fv2%2Fcategories&post=285"},{"taxonomy":"post_tag","embeddable":true,"href":"https:\/\/circaed-heresis.com\/index.php?rest_route=%2Fwp%2Fv2%2Ftags&post=285"}],"curies":[{"name":"wp","href":"https:\/\/api.w.org\/{rel}","templated":true}]}}